{"id":690,"date":"2020-12-18T07:27:25","date_gmt":"2020-12-18T06:27:25","guid":{"rendered":"https:\/\/www.macrolim.com\/neteja-i-desinfeccio-covid\/"},"modified":"2020-12-18T11:09:56","modified_gmt":"2020-12-18T10:09:56","slug":"neteja-i-desinfeccio-covid","status":"publish","type":"post","link":"https:\/\/www.macrolimgrup.com\/es\/blog\/neteja-i-desinfeccio-covid\/","title":{"rendered":"Limpieza y desinfecci\u00f3n: claves en la lucha contra la Covid"},"content":{"rendered":"<p><span style=\"color: #000000;\">La pandemia del coronavirus ha cambiado por completo la realidad de los ciudadanos de todo el mundo. Tambi\u00e9n, la de las empresas. Muchas entidades han tenido cerrar sus puertas y las que han tenido la suerte de abrir despu\u00e9s del confinamiento, lo han hecho bajo restricciones de aforo y con unas medidas de limpieza y desinfecci\u00f3n exhaustivas.<\/span><\/p>\n<p><span style=\"color: #000000;\">No es extra\u00f1o que as\u00ed sea. Se sabe que, adem\u00e1s del distanciamiento social, <strong>la higiene es clave para luchar contra una enfermedad tan infecciosa como devastadora<\/strong>. Y es que, como pasa con otros virus, el Covid puede trasmitirse por secreciones respiratorias y depositarse en superficies comunes como pomos, interruptores, mesas u ordenadores.<\/span><\/p>\n<p><span style=\"color: #000000;\">De ah\u00ed que sea obligatorio el uso de mascarillas quir\u00fargicas o FP2. Y, de ah\u00ed tambi\u00e9n, que sea necesario extremar las medidas de limpieza y desinfecci\u00f3n de espacios p\u00fablicos y privados como oficinas, comercios, industrias, colegios y hospitales. Solo as\u00ed podremos evitar la propagaci\u00f3n de la Covid y ofrecer a nuestros clientes y trabajadores la seguridad que se merecen.<\/span><\/p>\n<p><span style=\"color: #000000;\">Pero, \u00bfqu\u00e9 debe incluir un protocolo de limpieza y desinfecci\u00f3n para garantizar la protecci\u00f3n frente a la Covid?<\/span><br \/>\n<span style=\"color: #000000;\">Aunque los protocolos pueden variar en funci\u00f3n del espacio a limpiar o desinfectar (no es lo mismo una oficina que un apartamento tur\u00edstico, un colegio o un hospital), existen pautas comunes a todos. Os las detallamos.<\/span><\/p>\n<h5><span style=\"color: #008080;\"><strong>Ventilaci\u00f3n y climatitzaci\u00f3n<\/strong><\/span><\/h5>\n<p><span style=\"color: #000000;\">Los<strong> espacios cerrados y mal ventilados, as\u00ed como los hacinamientos de personas, favorecen la trasmisi\u00f3n y propagaci\u00f3n de cualquier virus<\/strong>, especialmente del Covid. Por eso, adem\u00e1s de limpiar y desinfectar las zonas de trabajo y descanso, deberemos proceder a la ventilaci\u00f3n de los diferentes espacios que lo conforman.<\/span><\/p>\n<p><span style=\"color: #000000;\">Aunque lo recomendable es que la renovaci\u00f3n del aire se realice de forma natural y siempre mediante ventilaci\u00f3n cruzada -es decir, mediante la apertura de puertas o ventanas opuestas-, si no disponemos de esta opci\u00f3n, podremos utilizar sistemas de climatizaci\u00f3n para garantizarla. En este caso, deberemos limpiar y revisar los filtros e instalaciones de forma peri\u00f3dica. Tambi\u00e9n evitar la recirculaci\u00f3n, ya que solo har\u00eda que expulsar y retomar el aire viciado.<\/span><\/p>\n<h5><span style=\"color: #008080;\"><strong>Limpieza<\/strong><\/span><\/h5>\n<p><span style=\"color: #000000;\">Si la limpieza era importante antes de la pandemia, en \u00e9poca del coronavirus m\u00e1s a\u00fan. Y es que la \u00fanica forma de<strong> eliminar la suciedad y los restos de materia org\u00e1nica<\/strong> es mediante esta acci\u00f3n.<\/span><\/p>\n<p><span style=\"color: #000000;\">Para conseguirlo, ser\u00e1 preciso el uso de agua y un detergente homologado que garantice una limpieza profunda y eficaz. Tambi\u00e9n, de material espec\u00edfico para cada tarea que deber\u00e1 ser desinfectado despu\u00e9s de su uso. Y, aunque todas las zonas merecer\u00e1n nuestra atenci\u00f3n, se deber\u00e1 ser especialmente meticuloso en ba\u00f1os y espacios comunes. <\/span><\/p>\n<p><img decoding=\"async\" class=\"aligncenter wp-image-698 size-full\" src=\"https:\/\/www.macrolim.net\/wp-content\/uploads\/2020\/12\/MACROLIM_NETEJA-I-DESINFECCI\u00d3_EPIS_800X472-1.jpg\" alt=\"La protecci\u00f3n es clave en los procesos de limpieza y desinfecci\u00f3n\" width=\"800\" height=\"472\" srcset=\"https:\/\/www.macrolimgrup.com\/wp-content\/uploads\/2020\/12\/MACROLIM_NETEJA-I-DESINFECCI\u00d3_EPIS_800X472-1-200x118.jpg 200w, https:\/\/www.macrolimgrup.com\/wp-content\/uploads\/2020\/12\/MACROLIM_NETEJA-I-DESINFECCI\u00d3_EPIS_800X472-1-300x177.jpg 300w, https:\/\/www.macrolimgrup.com\/wp-content\/uploads\/2020\/12\/MACROLIM_NETEJA-I-DESINFECCI\u00d3_EPIS_800X472-1-400x236.jpg 400w, https:\/\/www.macrolimgrup.com\/wp-content\/uploads\/2020\/12\/MACROLIM_NETEJA-I-DESINFECCI\u00d3_EPIS_800X472-1-600x354.jpg 600w, https:\/\/www.macrolimgrup.com\/wp-content\/uploads\/2020\/12\/MACROLIM_NETEJA-I-DESINFECCI\u00d3_EPIS_800X472-1-768x453.jpg 768w, https:\/\/www.macrolimgrup.com\/wp-content\/uploads\/2020\/12\/MACROLIM_NETEJA-I-DESINFECCI\u00d3_EPIS_800X472-1.jpg 800w\" sizes=\"(max-width: 800px) 100vw, 800px\" \/><\/p>\n<h5><\/h5>\n<h5><span style=\"color: #008080;\">Desinfecci\u00f3n<\/span><\/h5>\n<p><span style=\"color: #000000;\">La desinfecci\u00f3n es clave para mantener un espacio libre de Covid pero, para que tenga efecto, debe haberse limpiado con anterioridad. Como hemos comentado, la funci\u00f3n de la limpieza es la de eliminar la suciedad y polvo de las superficies, mientras que la de la desinfecci\u00f3n es la de <strong>acabar con los g\u00e9rmenes<\/strong> que puedan habitar en suelos, interruptores, pomos, mesas, ordenadores, tel\u00e9fonos u otros objetos. <\/span><\/p>\n<p><span style=\"color: #000000;\">Aunque existen productos que a\u00fanan ambas caracter\u00edsticas, no consiguen una limpieza y desinfecci\u00f3n profesional. Por eso, en <em><strong>Macrolim<\/strong> <\/em>recomendamos el uso de limpiadores, desinfectantes y virucidas homologados y especialmente dise\u00f1ados para cada tarea. Adem\u00e1s, abogamos por la utilizaci\u00f3n de Equipos de Protecci\u00f3n Reglamentarios (EPI) para garantizar la protecci\u00f3n de los profesionales de la limpieza durante el desempe\u00f1o de sus funciones.<\/span><\/p>\n<h5><span style=\"color: #008080;\"><strong>Protecci\u00f3n<\/strong><\/span><\/h5>\n<p><span style=\"color: #000000;\">Los profesionales de la limpieza, al igual que los de cualquier otro \u00e1mbito, deben estar en todo momento protegidos. Por eso, adem\u00e1s de EPIS que garanticen su seguridad, deber\u00e1n mantener distanciamiento social con el resto de sus compa\u00f1eros y seguir algunas recomendaciones. Deber\u00e1n:<\/span><\/p>\n<ul>\n<li><span style=\"color: #000000;\">Someterse a <strong>controles de temperatura<\/strong> antes de trabajar.<\/span><\/li>\n<li>Entrar y salir del centro de trabajo de<strong> forma individual<\/strong>.<\/li>\n<li>Cambiarse de dos en dos, si el espacio lo permite.<\/li>\n<li><span style=\"color: #000000;\"><strong>Limpiar y desinfectar el material reutilizable<\/strong> como guantes, trapos o uniformes.<\/span><\/li>\n<\/ul>\n<p><strong>\u00a0<\/strong><\/p>\n<h5><span style=\"color: #008080;\"><em>\u00bfQuieres mantener tu empresa libre de Covid? En Macrolim somos expertos en limpieza e higiene profesional. Cont\u00e1ctanos y te ayudamos.<\/em><\/span><\/h5>\n","protected":false},"excerpt":{"rendered":"<p>La pandemia del coronavirus ha cambiado por completo la realidad de los ciudadanos de todo el mundo. Tambi\u00e9n, la de las empresas. Muchas entidades han tenido cerrar sus puertas y las que han tenido la suerte de abrir despu\u00e9s del confinamiento, lo han hecho bajo restricciones de aforo y con  [&#8230;]<\/p>\n","protected":false},"author":4,"featured_media":685,"comment_status":"closed","ping_status":"closed","sticky":false,"template":"","format":"standard","meta":{"_joinchat":[],"footnotes":""},"categories":[5],"tags":[34,24,25,33,28,29,32,31],"class_list":["post-690","post","type-post","status-publish","format-standard","has-post-thumbnail","hentry","category-sin-categorizar","tag-colegio","tag-coronavirus-es","tag-covid-es","tag-desinfeccion","tag-higiene-es","tag-hospital-es","tag-limpieza","tag-oficina-es"],"yoast_head":"<!-- This site is optimized with the Yoast SEO plugin v26.0 - https:\/\/yoast.com\/wordpress\/plugins\/seo\/ -->\n<title>Limpieza y desinfecci\u00f3n: claves en la lucha contra la Covid | Macrolim<\/title>\n<meta name=\"description\" content=\"La limpieza y desinfecci\u00f3n es clave para luchar contra una enfermedad tan infecciosa como devastadora como la Covid.\" \/>\n<meta name=\"robots\" content=\"index, follow, max-snippet:-1, max-image-preview:large, max-video-preview:-1\" \/>\n<link rel=\"canonical\" href=\"https:\/\/www.macrolimgrup.com\/es\/blog\/neteja-i-desinfeccio-covid\/\" \/>\n<meta property=\"og:locale\" content=\"es_ES\" \/>\n<meta property=\"og:type\" content=\"article\" \/>\n<meta property=\"og:title\" content=\"Limpieza y desinfecci\u00f3n: claves en la lucha contra la Covid | Macrolim\" \/>\n<meta property=\"og:description\" content=\"La limpieza y desinfecci\u00f3n es clave para luchar contra una enfermedad tan infecciosa como devastadora como la Covid.\" \/>\n<meta property=\"og:url\" content=\"https:\/\/www.macrolimgrup.com\/es\/blog\/neteja-i-desinfeccio-covid\/\" \/>\n<meta property=\"og:site_name\" content=\"Macrolim Grup\" \/>\n<meta property=\"article:publisher\" content=\"https:\/\/www.facebook.com\/Macrolim-Grup-de-Serveis-116080173635354\/\" \/>\n<meta property=\"article:published_time\" content=\"2020-12-18T06:27:25+00:00\" \/>\n<meta property=\"article:modified_time\" content=\"2020-12-18T10:09:56+00:00\" \/>\n<meta property=\"og:image\" content=\"https:\/\/www.macrolimgrup.com\/wp-content\/uploads\/2020\/12\/MACROLIM_NETEJA-I-DESINFECCI\u00d3_800X472-1.jpg\" \/>\n\t<meta property=\"og:image:width\" content=\"800\" \/>\n\t<meta property=\"og:image:height\" content=\"472\" \/>\n\t<meta property=\"og:image:type\" content=\"image\/jpeg\" \/>\n<meta name=\"author\" content=\"Macrolim Grup\" \/>\n<meta name=\"twitter:card\" content=\"summary_large_image\" \/>\n<meta name=\"twitter:label1\" content=\"Escrito por\" \/>\n\t<meta name=\"twitter:data1\" content=\"Macrolim Grup\" \/>\n\t<meta name=\"twitter:label2\" content=\"Tiempo de lectura\" \/>\n\t<meta name=\"twitter:data2\" content=\"4 minutos\" \/>\n<script type=\"application\/ld+json\" class=\"yoast-schema-graph\">{\"@context\":\"https:\/\/schema.org\",\"@graph\":[{\"@type\":\"Article\",\"@id\":\"https:\/\/www.macrolimgrup.com\/es\/blog\/neteja-i-desinfeccio-covid\/#article\",\"isPartOf\":{\"@id\":\"https:\/\/www.macrolimgrup.com\/es\/blog\/neteja-i-desinfeccio-covid\/\"},\"author\":{\"name\":\"Macrolim Grup\",\"@id\":\"https:\/\/www.macrolimgrup.com\/es\/#\/schema\/person\/52d36a562f44527311318a62f5b1c8a1\"},\"headline\":\"Limpieza y desinfecci\u00f3n: claves en la lucha contra la Covid\",\"datePublished\":\"2020-12-18T06:27:25+00:00\",\"dateModified\":\"2020-12-18T10:09:56+00:00\",\"mainEntityOfPage\":{\"@id\":\"https:\/\/www.macrolimgrup.com\/es\/blog\/neteja-i-desinfeccio-covid\/\"},\"wordCount\":732,\"publisher\":{\"@id\":\"https:\/\/www.macrolimgrup.com\/es\/#organization\"},\"image\":{\"@id\":\"https:\/\/www.macrolimgrup.com\/es\/blog\/neteja-i-desinfeccio-covid\/#primaryimage\"},\"thumbnailUrl\":\"https:\/\/www.macrolimgrup.com\/wp-content\/uploads\/2020\/12\/MACROLIM_NETEJA-I-DESINFECCI\u00d3_800X472-1.jpg\",\"keywords\":[\"colegio\",\"coronavirus\",\"covid\",\"desinfecci\u00f3n\",\"higiene\",\"hospital\",\"limpieza\",\"oficina\"],\"articleSection\":[\"Sin categorizar\"],\"inLanguage\":\"es\"},{\"@type\":\"WebPage\",\"@id\":\"https:\/\/www.macrolimgrup.com\/es\/blog\/neteja-i-desinfeccio-covid\/\",\"url\":\"https:\/\/www.macrolimgrup.com\/es\/blog\/neteja-i-desinfeccio-covid\/\",\"name\":\"Limpieza y desinfecci\u00f3n: claves en la lucha contra la Covid | Macrolim\",\"isPartOf\":{\"@id\":\"https:\/\/www.macrolimgrup.com\/es\/#website\"},\"primaryImageOfPage\":{\"@id\":\"https:\/\/www.macrolimgrup.com\/es\/blog\/neteja-i-desinfeccio-covid\/#primaryimage\"},\"image\":{\"@id\":\"https:\/\/www.macrolimgrup.com\/es\/blog\/neteja-i-desinfeccio-covid\/#primaryimage\"},\"thumbnailUrl\":\"https:\/\/www.macrolimgrup.com\/wp-content\/uploads\/2020\/12\/MACROLIM_NETEJA-I-DESINFECCI\u00d3_800X472-1.jpg\",\"datePublished\":\"2020-12-18T06:27:25+00:00\",\"dateModified\":\"2020-12-18T10:09:56+00:00\",\"description\":\"La limpieza y desinfecci\u00f3n es clave para luchar contra una enfermedad tan infecciosa como devastadora como la Covid.\",\"breadcrumb\":{\"@id\":\"https:\/\/www.macrolimgrup.com\/es\/blog\/neteja-i-desinfeccio-covid\/#breadcrumb\"},\"inLanguage\":\"es\",\"potentialAction\":[{\"@type\":\"ReadAction\",\"target\":[\"https:\/\/www.macrolimgrup.com\/es\/blog\/neteja-i-desinfeccio-covid\/\"]}]},{\"@type\":\"ImageObject\",\"inLanguage\":\"es\",\"@id\":\"https:\/\/www.macrolimgrup.com\/es\/blog\/neteja-i-desinfeccio-covid\/#primaryimage\",\"url\":\"https:\/\/www.macrolimgrup.com\/wp-content\/uploads\/2020\/12\/MACROLIM_NETEJA-I-DESINFECCI\u00d3_800X472-1.jpg\",\"contentUrl\":\"https:\/\/www.macrolimgrup.com\/wp-content\/uploads\/2020\/12\/MACROLIM_NETEJA-I-DESINFECCI\u00d3_800X472-1.jpg\",\"width\":800,\"height\":472,\"caption\":\"Neteja i desinfecci\u00f3: claus en la lluita contra la Covid\"},{\"@type\":\"BreadcrumbList\",\"@id\":\"https:\/\/www.macrolimgrup.com\/es\/blog\/neteja-i-desinfeccio-covid\/#breadcrumb\",\"itemListElement\":[{\"@type\":\"ListItem\",\"position\":1,\"name\":\"Portada\",\"item\":\"https:\/\/www.macrolimgrup.com\/es\/\"},{\"@type\":\"ListItem\",\"position\":2,\"name\":\"Limpieza y desinfecci\u00f3n: claves en la lucha contra la Covid\"}]},{\"@type\":\"WebSite\",\"@id\":\"https:\/\/www.macrolimgrup.com\/es\/#website\",\"url\":\"https:\/\/www.macrolimgrup.com\/es\/\",\"name\":\"Grupo Macrolim\",\"description\":\"Serveis integrals\",\"publisher\":{\"@id\":\"https:\/\/www.macrolimgrup.com\/es\/#organization\"},\"potentialAction\":[{\"@type\":\"SearchAction\",\"target\":{\"@type\":\"EntryPoint\",\"urlTemplate\":\"https:\/\/www.macrolimgrup.com\/es\/?s={search_term_string}\"},\"query-input\":{\"@type\":\"PropertyValueSpecification\",\"valueRequired\":true,\"valueName\":\"search_term_string\"}}],\"inLanguage\":\"es\"},{\"@type\":\"Organization\",\"@id\":\"https:\/\/www.macrolimgrup.com\/es\/#organization\",\"name\":\"Grup Macrolim\",\"url\":\"https:\/\/www.macrolimgrup.com\/es\/\",\"logo\":{\"@type\":\"ImageObject\",\"inLanguage\":\"es\",\"@id\":\"https:\/\/www.macrolimgrup.com\/es\/#\/schema\/logo\/image\/\",\"url\":\"https:\/\/www.macrolimgrup.com\/wp-content\/uploads\/2020\/10\/macrolim-logo-final.svg\",\"contentUrl\":\"https:\/\/www.macrolimgrup.com\/wp-content\/uploads\/2020\/10\/macrolim-logo-final.svg\",\"width\":406,\"height\":120,\"caption\":\"Grup Macrolim\"},\"image\":{\"@id\":\"https:\/\/www.macrolimgrup.com\/es\/#\/schema\/logo\/image\/\"},\"sameAs\":[\"https:\/\/www.facebook.com\/Macrolim-Grup-de-Serveis-116080173635354\/\",\"https:\/\/www.instagram.com\/macrolim.grup\/\",\"https:\/\/www.linkedin.com\/authwall?trk=gf&amp;amp;amp;amp;amp;amp;amp;amp;amp;amp;trkInfo=AQFqxUovj-Ku_wAAAXc5RDO4IXQbVNGLNhAIk25Z0nW6Cb-DmBLEtXr2h4OtAiDRuJW5BXn8vAXZDZIz5rElGk6ebaiGHJScHiNABgsDMbSk7zItUvh2yUd-NUb99GgxE36hErk=&amp;amp;amp;amp;amp;amp;amp;amp;amp;amp;originalReferer&amp;amp;amp;amp;amp;amp;amp;amp;amp;amp;sessionRedirect=https:\/\/www.linkedin.com\/company\/macrolim\"]},{\"@type\":\"Person\",\"@id\":\"https:\/\/www.macrolimgrup.com\/es\/#\/schema\/person\/52d36a562f44527311318a62f5b1c8a1\",\"name\":\"Macrolim Grup\"}]}<\/script>\n<!-- \/ Yoast SEO plugin. -->","yoast_head_json":{"title":"Limpieza y desinfecci\u00f3n: claves en la lucha contra la Covid | Macrolim","description":"La limpieza y desinfecci\u00f3n es clave para luchar contra una enfermedad tan infecciosa como devastadora como la Covid.","robots":{"index":"index","follow":"follow","max-snippet":"max-snippet:-1","max-image-preview":"max-image-preview:large","max-video-preview":"max-video-preview:-1"},"canonical":"https:\/\/www.macrolimgrup.com\/es\/blog\/neteja-i-desinfeccio-covid\/","og_locale":"es_ES","og_type":"article","og_title":"Limpieza y desinfecci\u00f3n: claves en la lucha contra la Covid | Macrolim","og_description":"La limpieza y desinfecci\u00f3n es clave para luchar contra una enfermedad tan infecciosa como devastadora como la Covid.","og_url":"https:\/\/www.macrolimgrup.com\/es\/blog\/neteja-i-desinfeccio-covid\/","og_site_name":"Macrolim Grup","article_publisher":"https:\/\/www.facebook.com\/Macrolim-Grup-de-Serveis-116080173635354\/","article_published_time":"2020-12-18T06:27:25+00:00","article_modified_time":"2020-12-18T10:09:56+00:00","og_image":[{"width":800,"height":472,"url":"https:\/\/www.macrolimgrup.com\/wp-content\/uploads\/2020\/12\/MACROLIM_NETEJA-I-DESINFECCI\u00d3_800X472-1.jpg","type":"image\/jpeg"}],"author":"Macrolim Grup","twitter_card":"summary_large_image","twitter_misc":{"Escrito por":"Macrolim Grup","Tiempo de lectura":"4 minutos"},"schema":{"@context":"https:\/\/schema.org","@graph":[{"@type":"Article","@id":"https:\/\/www.macrolimgrup.com\/es\/blog\/neteja-i-desinfeccio-covid\/#article","isPartOf":{"@id":"https:\/\/www.macrolimgrup.com\/es\/blog\/neteja-i-desinfeccio-covid\/"},"author":{"name":"Macrolim Grup","@id":"https:\/\/www.macrolimgrup.com\/es\/#\/schema\/person\/52d36a562f44527311318a62f5b1c8a1"},"headline":"Limpieza y desinfecci\u00f3n: claves en la lucha contra la Covid","datePublished":"2020-12-18T06:27:25+00:00","dateModified":"2020-12-18T10:09:56+00:00","mainEntityOfPage":{"@id":"https:\/\/www.macrolimgrup.com\/es\/blog\/neteja-i-desinfeccio-covid\/"},"wordCount":732,"publisher":{"@id":"https:\/\/www.macrolimgrup.com\/es\/#organization"},"image":{"@id":"https:\/\/www.macrolimgrup.com\/es\/blog\/neteja-i-desinfeccio-covid\/#primaryimage"},"thumbnailUrl":"https:\/\/www.macrolimgrup.com\/wp-content\/uploads\/2020\/12\/MACROLIM_NETEJA-I-DESINFECCI\u00d3_800X472-1.jpg","keywords":["colegio","coronavirus","covid","desinfecci\u00f3n","higiene","hospital","limpieza","oficina"],"articleSection":["Sin categorizar"],"inLanguage":"es"},{"@type":"WebPage","@id":"https:\/\/www.macrolimgrup.com\/es\/blog\/neteja-i-desinfeccio-covid\/","url":"https:\/\/www.macrolimgrup.com\/es\/blog\/neteja-i-desinfeccio-covid\/","name":"Limpieza y desinfecci\u00f3n: claves en la lucha contra la Covid | Macrolim","isPartOf":{"@id":"https:\/\/www.macrolimgrup.com\/es\/#website"},"primaryImageOfPage":{"@id":"https:\/\/www.macrolimgrup.com\/es\/blog\/neteja-i-desinfeccio-covid\/#primaryimage"},"image":{"@id":"https:\/\/www.macrolimgrup.com\/es\/blog\/neteja-i-desinfeccio-covid\/#primaryimage"},"thumbnailUrl":"https:\/\/www.macrolimgrup.com\/wp-content\/uploads\/2020\/12\/MACROLIM_NETEJA-I-DESINFECCI\u00d3_800X472-1.jpg","datePublished":"2020-12-18T06:27:25+00:00","dateModified":"2020-12-18T10:09:56+00:00","description":"La limpieza y desinfecci\u00f3n es clave para luchar contra una enfermedad tan infecciosa como devastadora como la Covid.","breadcrumb":{"@id":"https:\/\/www.macrolimgrup.com\/es\/blog\/neteja-i-desinfeccio-covid\/#breadcrumb"},"inLanguage":"es","potentialAction":[{"@type":"ReadAction","target":["https:\/\/www.macrolimgrup.com\/es\/blog\/neteja-i-desinfeccio-covid\/"]}]},{"@type":"ImageObject","inLanguage":"es","@id":"https:\/\/www.macrolimgrup.com\/es\/blog\/neteja-i-desinfeccio-covid\/#primaryimage","url":"https:\/\/www.macrolimgrup.com\/wp-content\/uploads\/2020\/12\/MACROLIM_NETEJA-I-DESINFECCI\u00d3_800X472-1.jpg","contentUrl":"https:\/\/www.macrolimgrup.com\/wp-content\/uploads\/2020\/12\/MACROLIM_NETEJA-I-DESINFECCI\u00d3_800X472-1.jpg","width":800,"height":472,"caption":"Neteja i desinfecci\u00f3: claus en la lluita contra la Covid"},{"@type":"BreadcrumbList","@id":"https:\/\/www.macrolimgrup.com\/es\/blog\/neteja-i-desinfeccio-covid\/#breadcrumb","itemListElement":[{"@type":"ListItem","position":1,"name":"Portada","item":"https:\/\/www.macrolimgrup.com\/es\/"},{"@type":"ListItem","position":2,"name":"Limpieza y desinfecci\u00f3n: claves en la lucha contra la Covid"}]},{"@type":"WebSite","@id":"https:\/\/www.macrolimgrup.com\/es\/#website","url":"https:\/\/www.macrolimgrup.com\/es\/","name":"Grupo Macrolim","description":"Serveis integrals","publisher":{"@id":"https:\/\/www.macrolimgrup.com\/es\/#organization"},"potentialAction":[{"@type":"SearchAction","target":{"@type":"EntryPoint","urlTemplate":"https:\/\/www.macrolimgrup.com\/es\/?s={search_term_string}"},"query-input":{"@type":"PropertyValueSpecification","valueRequired":true,"valueName":"search_term_string"}}],"inLanguage":"es"},{"@type":"Organization","@id":"https:\/\/www.macrolimgrup.com\/es\/#organization","name":"Grup Macrolim","url":"https:\/\/www.macrolimgrup.com\/es\/","logo":{"@type":"ImageObject","inLanguage":"es","@id":"https:\/\/www.macrolimgrup.com\/es\/#\/schema\/logo\/image\/","url":"https:\/\/www.macrolimgrup.com\/wp-content\/uploads\/2020\/10\/macrolim-logo-final.svg","contentUrl":"https:\/\/www.macrolimgrup.com\/wp-content\/uploads\/2020\/10\/macrolim-logo-final.svg","width":406,"height":120,"caption":"Grup Macrolim"},"image":{"@id":"https:\/\/www.macrolimgrup.com\/es\/#\/schema\/logo\/image\/"},"sameAs":["https:\/\/www.facebook.com\/Macrolim-Grup-de-Serveis-116080173635354\/","https:\/\/www.instagram.com\/macrolim.grup\/","https:\/\/www.linkedin.com\/authwall?trk=gf&amp;amp;amp;amp;amp;amp;amp;amp;amp;amp;trkInfo=AQFqxUovj-Ku_wAAAXc5RDO4IXQbVNGLNhAIk25Z0nW6Cb-DmBLEtXr2h4OtAiDRuJW5BXn8vAXZDZIz5rElGk6ebaiGHJScHiNABgsDMbSk7zItUvh2yUd-NUb99GgxE36hErk=&amp;amp;amp;amp;amp;amp;amp;amp;amp;amp;originalReferer&amp;amp;amp;amp;amp;amp;amp;amp;amp;amp;sessionRedirect=https:\/\/www.linkedin.com\/company\/macrolim"]},{"@type":"Person","@id":"https:\/\/www.macrolimgrup.com\/es\/#\/schema\/person\/52d36a562f44527311318a62f5b1c8a1","name":"Macrolim Grup"}]}},"_links":{"self":[{"href":"https:\/\/www.macrolimgrup.com\/es\/wp-json\/wp\/v2\/posts\/690","targetHints":{"allow":["GET"]}}],"collection":[{"href":"https:\/\/www.macrolimgrup.com\/es\/wp-json\/wp\/v2\/posts"}],"about":[{"href":"https:\/\/www.macrolimgrup.com\/es\/wp-json\/wp\/v2\/types\/post"}],"author":[{"embeddable":true,"href":"https:\/\/www.macrolimgrup.com\/es\/wp-json\/wp\/v2\/users\/4"}],"replies":[{"embeddable":true,"href":"https:\/\/www.macrolimgrup.com\/es\/wp-json\/wp\/v2\/comments?post=690"}],"version-history":[{"count":0,"href":"https:\/\/www.macrolimgrup.com\/es\/wp-json\/wp\/v2\/posts\/690\/revisions"}],"wp:featuredmedia":[{"embeddable":true,"href":"https:\/\/www.macrolimgrup.com\/es\/wp-json\/wp\/v2\/media\/685"}],"wp:attachment":[{"href":"https:\/\/www.macrolimgrup.com\/es\/wp-json\/wp\/v2\/media?parent=690"}],"wp:term":[{"taxonomy":"category","embeddable":true,"href":"https:\/\/www.macrolimgrup.com\/es\/wp-json\/wp\/v2\/categories?post=690"},{"taxonomy":"post_tag","embeddable":true,"href":"https:\/\/www.macrolimgrup.com\/es\/wp-json\/wp\/v2\/tags?post=690"}],"curies":[{"name":"wp","href":"https:\/\/api.w.org\/{rel}","templated":true}]}}