{"id":762,"date":"2021-02-08T13:42:28","date_gmt":"2021-02-08T12:42:28","guid":{"rendered":"https:\/\/www.macrolim.net\/inteligencias-multiples-que-son-y-como-podemos-potenciarlas\/"},"modified":"2021-02-08T13:51:21","modified_gmt":"2021-02-08T12:51:21","slug":"inteligencias-multiples","status":"publish","type":"post","link":"https:\/\/www.macrolimgrup.com\/es\/blog\/inteligencias-multiples\/","title":{"rendered":"Inteligencias m\u00faltiples: qu\u00e9 son y c\u00f3mo podemos potenciarlas"},"content":{"rendered":"<p><span style=\"color: #000000;\">Hay ni\u00f1os y ni\u00f1as que sobresalen en ciencias, pero a los que se les resiste la m\u00fasica o la pl\u00e1stica. Hay otros a los que las matem\u00e1ticas se les atragantan, pero, en cambio, despuntan en danza o en gimnasia. Y tambi\u00e9n hay otros que no destacan tanto por sus notas sino por su gran capacidad de liderazgo o de empat\u00eda. Y aqu\u00ed nos preguntamos: \u00bfson unos m\u00e1s inteligentes que otros? Pues la respuesta es no. Y es que cada uno de ellos ha desarrollado sus talentos y capacidades de una manera distinta.<\/span><\/p>\n<p><span style=\"color: #000000;\">El psic\u00f3logo e investigador Howard Gardner acu\u00f1\u00f3 en 1983 el t\u00e9rmino &#8216;Inteligencias M\u00faltiples&#8217;. Esta teor\u00eda, a diferencia del paradigma de la inteligencia \u00fanica, aboga por la existencia de hasta ocho aptitudes diferentes que todos, en mayor o menor medida, poseemos. La diferencia est\u00e1 pues, en funci\u00f3n de nuestros intereses y de nuestro entorno. <\/span><\/p>\n<h5><span style=\"color: #008080;\"><strong>1. Inteligencia ling\u00fc\u00edstico-verbal<\/strong><\/span><\/h5>\n<p><span style=\"color: #000000;\">Esta inteligencia se refiere a la habilidad para expresarse con palabras y con gestos, pero tambi\u00e9n a la facilidad de comprender y asimilar significados complejos. Los ni\u00f1os y ni\u00f1as que la poseen disponen de un lenguaje rico y fluido que utilizan en conversaciones o en textos. Adem\u00e1s, les encanta leer y disfrutan con los juegos de palabras.<\/span><\/p>\n<p>Una de las mejores maneras de abordar esta inteligencia es hacerlo mediante la palabra. Es decir, leer cuentos y libros en clase y en casa, fomentar el debate, celebrar concursos de escritura, o estudiar otros idiomas. Otra herramienta para desarrollar esta aptitud son los juegos de mesa como el Scrabble o el Tab\u00fa.<\/p>\n<h5><span style=\"color: #008080;\"><strong>2. Inteligencia l\u00f3gico-matem\u00e1tica<\/strong><\/span><\/h5>\n<p><span style=\"color: #000000;\">La inteligencia l\u00f3gico-matem\u00e1tica, junto a la ling\u00fc\u00edstica-verbal, es una de las aptitudes que m\u00e1s se desarrollan en las aulas. Se refiere a la habilidad para resolver problemas de manera l\u00f3gica y con un alto razonamiento num\u00e9rico. Los ni\u00f1os y ni\u00f1as con este tipo de inteligencia tienen facilidad para calcular y solucionar f\u00f3rmulas y acertijos de manera r\u00e1pida. Tambi\u00e9n suelen disfrutar haciendo sudokus, y muestran un gran inter\u00e9s en descubrir c\u00f3mo funcionan las cosas.<\/span><\/p>\n<p>As\u00ed pues, los juegos de construcci\u00f3n y de clasificaci\u00f3n son muy buenos recursos para fomentar la inteligencia l\u00f3gico-matem\u00e1tica. A cierta edad tambi\u00e9n podemos optar por el ajedrez, el Tangram, o el \u00c1baco.<\/p>\n<h5><span style=\"color: #008080;\"><strong>3. Inteligencia espacio-visual<\/strong><\/span><\/h5>\n<p>Seg\u00fan la teor\u00eda, esta inteligencia se refiere a la capacidad de procesar la informaci\u00f3n en tres dimensiones, representar las ideas de manera gr\u00e1fica, y relacionar formas con colores y espacios. Los ni\u00f1os y ni\u00f1as que han desarrollado este tipo de inteligencia tienen facilidad para pintar y para dibujar. Suelen divertirse con los juegos de construcci\u00f3n, y muestran inter\u00e9s con las artes pl\u00e1sticas y figurativas.<\/p>\n<p>Es por ello que dibujar, pintar, escribir o hacer fotograf\u00edas son algunas de las actividades que, desde la escuela y desde casa, se pueden impulsar para potenciar la inteligencia espacio-visual. Tambi\u00e9n podemos alentarla mediante juegos de construcci\u00f3n o puzzles.<\/p>\n<h5><span style=\"color: #008080;\"><strong>4. Inteligencia cin\u00e9tico-corporal<\/strong><\/span><\/h5>\n<p>Si la l\u00f3gico-matem\u00e1tica y la ling\u00fc\u00edstica-verbal son dos de las inteligencias m\u00faltiples que m\u00e1s protagonismo adquieren en las aulas, la cin\u00e9tico-corporal es una de las que menos peso tiene. Se refiere a la capacidad de dominar el cuerpo y de expresarse con el movimiento. Los ni\u00f1os y ni\u00f1as que desarrollan este tipo de habilidad son flexibles, diestros con el cuerpo, y aprenden y asimilan mediante el movimiento. Pueden ser grandes deportistas o excelentes bailarines y bailarinas.<\/p>\n<p>As\u00ed pues, nada mejor para desarrollar esta habilidad que una actividad que potencie el movimiento y la expresividad corporal como bailar, hacer teatro, o practicar alg\u00fan tipo de deporte.<\/p>\n<p><img decoding=\"async\" class=\"aligncenter wp-image-760 size-full\" src=\"https:\/\/www.macrolim.net\/wp-content\/uploads\/2021\/02\/MACROLIM_INTELLENCIES_MULTIPLES_2.jpg\" alt=\"\" width=\"800\" height=\"472\" srcset=\"https:\/\/www.macrolimgrup.com\/wp-content\/uploads\/2021\/02\/MACROLIM_INTELLENCIES_MULTIPLES_2-200x118.jpg 200w, https:\/\/www.macrolimgrup.com\/wp-content\/uploads\/2021\/02\/MACROLIM_INTELLENCIES_MULTIPLES_2-300x177.jpg 300w, https:\/\/www.macrolimgrup.com\/wp-content\/uploads\/2021\/02\/MACROLIM_INTELLENCIES_MULTIPLES_2-400x236.jpg 400w, https:\/\/www.macrolimgrup.com\/wp-content\/uploads\/2021\/02\/MACROLIM_INTELLENCIES_MULTIPLES_2-600x354.jpg 600w, https:\/\/www.macrolimgrup.com\/wp-content\/uploads\/2021\/02\/MACROLIM_INTELLENCIES_MULTIPLES_2-768x453.jpg 768w, https:\/\/www.macrolimgrup.com\/wp-content\/uploads\/2021\/02\/MACROLIM_INTELLENCIES_MULTIPLES_2.jpg 800w\" sizes=\"(max-width: 800px) 100vw, 800px\" \/><\/p>\n<h5><span style=\"color: #008080;\"><strong>5. Inteligencia musical<\/strong><\/span><\/h5>\n<p>De entre las Inteligencias M\u00faltiples, esta aptitud se refiere a la habilidad para percibir y discriminar los sonidos, y para transformarlos en m\u00fasica. Los ni\u00f1os y ni\u00f1as que la han desarrollado no solo muestran inter\u00e9s por la m\u00fasica, sino que tambi\u00e9n se relajan y comunican con ella. Adem\u00e1s, suelen tener especial facilidad para tocar instrumentos y cantar, y se interesan en aquellas din\u00e1micas que incluyen canciones.<\/p>\n<p>As\u00ed pues, las actividades que tengan la m\u00fasica como protagonista sirven para desarrollar esta aptitud como, por ejemplo, bailar, cantar, escuchar m\u00fasica, o tocar alg\u00fan instrumento.<\/p>\n<h5><span style=\"color: #008080;\"><strong>6. Inteligencia naturalista<\/strong><\/span><\/h5>\n<p>La inteligencia naturalista est\u00e1 relacionada con la habilidad de distinguir, clasificar y utilizar elementos del medio ambiente, as\u00ed como con la capacidad para mostrar sensibilidad con los animales y su entorno. A los ni\u00f1os y ni\u00f1as que la desarrollan les encanta la naturaleza y los animales, y suelen disfrutar contemplando y descubriendo plantas, insectos, y minerales. Adem\u00e1s, se relajan y expresan mejor en el medio natural.<\/p>\n<p>Para desarrollar esta habilidad podemos hacer excursiones a la naturaleza o al zoo, estudiar el comportamiento de los animales e insectos, animarles a coleccionar piedras y minerales, regar las plantas o el jard\u00edn, o cuidar de la mascota -si tienen-.<\/p>\n<h5><span style=\"color: #008080;\"><strong>7. Inteligencia interpersonal<\/strong><\/span><\/h5>\n<p><span style=\"color: #000000;\">Esta aptitud se refiere a la capacidad de relacionarse socialmente, de empatizar con otras personas, y de trabajar y cooperar con el grupo. La inteligencia interpersonal permite a los ni\u00f1os que la desarrollan ponerse en el lugar del otro, gestionar conflictos, y participar en juegos y din\u00e1micas de equipo.<\/span><\/p>\n<p><span style=\"color: #000000;\">Los debates, los trabajos en equipo, o las din\u00e1micas grupales con intercambio de roles son una buena herramienta para fomentar el compa\u00f1erismo, la empat\u00eda y, por tanto, esta habilidad tan necesaria.<\/span><\/p>\n<h5><span style=\"color: #008080;\"><strong>8. Inteligencia intrapersonal<\/strong><\/span><\/h5>\n<p>A diferencia de las anteriores, la habilidad intrapersonal no est\u00e1 relacionada con una aptitud acad\u00e9mica concreta. Se refiere a la capacidad de una persona para conocerse a s\u00ed misma, para darse valor, y para reflexionar. Desarrollar esta inteligencia es clave tanto para los ni\u00f1os y ni\u00f1as como para los adultos, ya que afecta a cualquier \u00e1mbito de nuestra vida.<\/p>\n<p>Para desarrollar el autoconocimiento y la autoestima es necesario darles tiempo para la re-flexi\u00f3n y la meditaci\u00f3n. Escribir y verbalizar sus sentimientos, ser conscientes de sus fortalezas y debilidades, y aprender a trabajar de manera aut\u00f3noma y a su ritmo puede ser de gran utilidad para conseguirlo.<\/p>\n<h5><span style=\"color: #008080;\"><strong>\u00a1Desarrolla las aptitudes con Macroesplay!<\/strong><\/span><\/h5>\n<p>Como Howard Gardner, en <a href=\"https:\/\/www.macrolim.net\/es\/macroesplay\/\">Macroesplay<\/a>,-una de las cuatro divisiones de Macrolim- creemos que todos y cada uno de los ni\u00f1os y ni\u00f1as son inteligentes a su manera, y que poseen diferentes talentos y habilidades que se pueden desarrollar. Es por eso que nuestras actividades extraescolares y escuelas de verano est\u00e1n dise\u00f1adas para potenciar las inteligencias que, por curr\u00edculum o por falta de tiempo, no pueden ser abordadas en las aulas o en casa. Lo hacemos con profesionales especializados, y utilizando, siempre, el juego como m\u00e9todo de aprendizaje.<\/p>\n<h5><span style=\"color: #008080;\"><em>\u00bfQuieres potenciar al m\u00e1ximo los talentos y aptitudes de los m\u00e1s peque\u00f1os? En Macrolim desarrollamos extraescolares que tienen en cuenta las inteligencias m\u00faltiples. <a href=\"https:\/\/www.macrolim.net\/es\/contacta\/\">Contacta con nosotros<\/a> y te ayudamos.<\/em><\/span><\/h5>\n","protected":false},"excerpt":{"rendered":"<p>Hay ni\u00f1os y ni\u00f1as que sobresalen en ciencias, pero a los que se les resiste la m\u00fasica o la pl\u00e1stica. Hay otros a los que las matem\u00e1ticas se les atragantan, pero, en cambio, despuntan en danza o en gimnasia. Y tambi\u00e9n hay otros que no destacan tanto por sus notas  [&#8230;]<\/p>\n","protected":false},"author":4,"featured_media":758,"comment_status":"closed","ping_status":"closed","sticky":false,"template":"","format":"standard","meta":{"_joinchat":[],"footnotes":""},"categories":[63],"tags":[65,64,52,51],"class_list":["post-762","post","type-post","status-publish","format-standard","has-post-thumbnail","hentry","category-educacion","tag-educacion","tag-inteligencias-multiples","tag-ninas","tag-ninos"],"yoast_head":"<!-- This site is optimized with the Yoast SEO plugin v26.0 - https:\/\/yoast.com\/wordpress\/plugins\/seo\/ -->\n<title>Inteligencias m\u00faltiples: qu\u00e9 son y c\u00f3mo podemos potenciarlas | Macrolim<\/title>\n<meta name=\"description\" content=\"El psic\u00f3logo Howard Gardner acu\u00f1\u00f3 el t\u00e9rmino &#039;Inteligencias M\u00faltiples&#039;. Una teor\u00eda que, a diferencia del paradigma de la inteligencia \u00fanica, aboga por la existencia de hasta ocho aptitudes diferentes que todos.\" \/>\n<meta name=\"robots\" content=\"index, follow, max-snippet:-1, max-image-preview:large, max-video-preview:-1\" \/>\n<link rel=\"canonical\" href=\"https:\/\/www.macrolimgrup.com\/es\/blog\/inteligencias-multiples\/\" \/>\n<meta property=\"og:locale\" content=\"es_ES\" \/>\n<meta property=\"og:type\" content=\"article\" \/>\n<meta property=\"og:title\" content=\"Inteligencias m\u00faltiples: qu\u00e9 son y c\u00f3mo podemos potenciarlas | Macrolim\" \/>\n<meta property=\"og:description\" content=\"El psic\u00f3logo Howard Gardner acu\u00f1\u00f3 el t\u00e9rmino &#039;Inteligencias M\u00faltiples&#039;. Una teor\u00eda que, a diferencia del paradigma de la inteligencia \u00fanica, aboga por la existencia de hasta ocho aptitudes diferentes que todos.\" \/>\n<meta property=\"og:url\" content=\"https:\/\/www.macrolimgrup.com\/es\/blog\/inteligencias-multiples\/\" \/>\n<meta property=\"og:site_name\" content=\"Macrolim Grup\" \/>\n<meta property=\"article:publisher\" content=\"https:\/\/www.facebook.com\/Macrolim-Grup-de-Serveis-116080173635354\/\" \/>\n<meta property=\"article:published_time\" content=\"2021-02-08T12:42:28+00:00\" \/>\n<meta property=\"article:modified_time\" content=\"2021-02-08T12:51:21+00:00\" \/>\n<meta property=\"og:image\" content=\"https:\/\/www.macrolimgrup.com\/wp-content\/uploads\/2021\/02\/MACROLIM_INTELLENCIES_MULTIPLES_1.jpg\" \/>\n\t<meta property=\"og:image:width\" content=\"800\" \/>\n\t<meta property=\"og:image:height\" content=\"472\" \/>\n\t<meta property=\"og:image:type\" content=\"image\/jpeg\" \/>\n<meta name=\"author\" content=\"Macrolim Grup\" \/>\n<meta name=\"twitter:card\" content=\"summary_large_image\" \/>\n<meta name=\"twitter:label1\" content=\"Escrito por\" \/>\n\t<meta name=\"twitter:data1\" content=\"Macrolim Grup\" \/>\n\t<meta name=\"twitter:label2\" content=\"Tiempo de lectura\" \/>\n\t<meta name=\"twitter:data2\" content=\"6 minutos\" \/>\n<script type=\"application\/ld+json\" class=\"yoast-schema-graph\">{\"@context\":\"https:\/\/schema.org\",\"@graph\":[{\"@type\":\"Article\",\"@id\":\"https:\/\/www.macrolimgrup.com\/es\/blog\/inteligencias-multiples\/#article\",\"isPartOf\":{\"@id\":\"https:\/\/www.macrolimgrup.com\/es\/blog\/inteligencias-multiples\/\"},\"author\":{\"name\":\"Macrolim Grup\",\"@id\":\"https:\/\/www.macrolimgrup.com\/es\/#\/schema\/person\/52d36a562f44527311318a62f5b1c8a1\"},\"headline\":\"Inteligencias m\u00faltiples: qu\u00e9 son y c\u00f3mo podemos potenciarlas\",\"datePublished\":\"2021-02-08T12:42:28+00:00\",\"dateModified\":\"2021-02-08T12:51:21+00:00\",\"mainEntityOfPage\":{\"@id\":\"https:\/\/www.macrolimgrup.com\/es\/blog\/inteligencias-multiples\/\"},\"wordCount\":1196,\"publisher\":{\"@id\":\"https:\/\/www.macrolimgrup.com\/es\/#organization\"},\"image\":{\"@id\":\"https:\/\/www.macrolimgrup.com\/es\/blog\/inteligencias-multiples\/#primaryimage\"},\"thumbnailUrl\":\"https:\/\/www.macrolimgrup.com\/wp-content\/uploads\/2021\/02\/MACROLIM_INTELLENCIES_MULTIPLES_1.jpg\",\"keywords\":[\"educaci\u00f3n\",\"Inteligencias M\u00faltiples\",\"ni\u00f1as\",\"ni\u00f1os\"],\"articleSection\":[\"Educaci\u00f3n\"],\"inLanguage\":\"es\"},{\"@type\":\"WebPage\",\"@id\":\"https:\/\/www.macrolimgrup.com\/es\/blog\/inteligencias-multiples\/\",\"url\":\"https:\/\/www.macrolimgrup.com\/es\/blog\/inteligencias-multiples\/\",\"name\":\"Inteligencias m\u00faltiples: qu\u00e9 son y c\u00f3mo podemos potenciarlas | Macrolim\",\"isPartOf\":{\"@id\":\"https:\/\/www.macrolimgrup.com\/es\/#website\"},\"primaryImageOfPage\":{\"@id\":\"https:\/\/www.macrolimgrup.com\/es\/blog\/inteligencias-multiples\/#primaryimage\"},\"image\":{\"@id\":\"https:\/\/www.macrolimgrup.com\/es\/blog\/inteligencias-multiples\/#primaryimage\"},\"thumbnailUrl\":\"https:\/\/www.macrolimgrup.com\/wp-content\/uploads\/2021\/02\/MACROLIM_INTELLENCIES_MULTIPLES_1.jpg\",\"datePublished\":\"2021-02-08T12:42:28+00:00\",\"dateModified\":\"2021-02-08T12:51:21+00:00\",\"description\":\"El psic\u00f3logo Howard Gardner acu\u00f1\u00f3 el t\u00e9rmino 'Inteligencias M\u00faltiples'. Una teor\u00eda que, a diferencia del paradigma de la inteligencia \u00fanica, aboga por la existencia de hasta ocho aptitudes diferentes que todos.\",\"breadcrumb\":{\"@id\":\"https:\/\/www.macrolimgrup.com\/es\/blog\/inteligencias-multiples\/#breadcrumb\"},\"inLanguage\":\"es\",\"potentialAction\":[{\"@type\":\"ReadAction\",\"target\":[\"https:\/\/www.macrolimgrup.com\/es\/blog\/inteligencias-multiples\/\"]}]},{\"@type\":\"ImageObject\",\"inLanguage\":\"es\",\"@id\":\"https:\/\/www.macrolimgrup.com\/es\/blog\/inteligencias-multiples\/#primaryimage\",\"url\":\"https:\/\/www.macrolimgrup.com\/wp-content\/uploads\/2021\/02\/MACROLIM_INTELLENCIES_MULTIPLES_1.jpg\",\"contentUrl\":\"https:\/\/www.macrolimgrup.com\/wp-content\/uploads\/2021\/02\/MACROLIM_INTELLENCIES_MULTIPLES_1.jpg\",\"width\":800,\"height\":472,\"caption\":\"Inteligencias m\u00faltiples: qu\u00e9 son y c\u00f3mo podemos potenciarlas\"},{\"@type\":\"BreadcrumbList\",\"@id\":\"https:\/\/www.macrolimgrup.com\/es\/blog\/inteligencias-multiples\/#breadcrumb\",\"itemListElement\":[{\"@type\":\"ListItem\",\"position\":1,\"name\":\"Portada\",\"item\":\"https:\/\/www.macrolimgrup.com\/es\/\"},{\"@type\":\"ListItem\",\"position\":2,\"name\":\"Inteligencias m\u00faltiples: qu\u00e9 son y c\u00f3mo podemos potenciarlas\"}]},{\"@type\":\"WebSite\",\"@id\":\"https:\/\/www.macrolimgrup.com\/es\/#website\",\"url\":\"https:\/\/www.macrolimgrup.com\/es\/\",\"name\":\"Grupo Macrolim\",\"description\":\"Serveis integrals\",\"publisher\":{\"@id\":\"https:\/\/www.macrolimgrup.com\/es\/#organization\"},\"potentialAction\":[{\"@type\":\"SearchAction\",\"target\":{\"@type\":\"EntryPoint\",\"urlTemplate\":\"https:\/\/www.macrolimgrup.com\/es\/?s={search_term_string}\"},\"query-input\":{\"@type\":\"PropertyValueSpecification\",\"valueRequired\":true,\"valueName\":\"search_term_string\"}}],\"inLanguage\":\"es\"},{\"@type\":\"Organization\",\"@id\":\"https:\/\/www.macrolimgrup.com\/es\/#organization\",\"name\":\"Grup Macrolim\",\"url\":\"https:\/\/www.macrolimgrup.com\/es\/\",\"logo\":{\"@type\":\"ImageObject\",\"inLanguage\":\"es\",\"@id\":\"https:\/\/www.macrolimgrup.com\/es\/#\/schema\/logo\/image\/\",\"url\":\"https:\/\/www.macrolimgrup.com\/wp-content\/uploads\/2020\/10\/macrolim-logo-final.svg\",\"contentUrl\":\"https:\/\/www.macrolimgrup.com\/wp-content\/uploads\/2020\/10\/macrolim-logo-final.svg\",\"width\":406,\"height\":120,\"caption\":\"Grup Macrolim\"},\"image\":{\"@id\":\"https:\/\/www.macrolimgrup.com\/es\/#\/schema\/logo\/image\/\"},\"sameAs\":[\"https:\/\/www.facebook.com\/Macrolim-Grup-de-Serveis-116080173635354\/\",\"https:\/\/www.instagram.com\/macrolim.grup\/\",\"https:\/\/www.linkedin.com\/authwall?trk=gf&amp;amp;amp;amp;amp;amp;amp;amp;amp;amp;trkInfo=AQFqxUovj-Ku_wAAAXc5RDO4IXQbVNGLNhAIk25Z0nW6Cb-DmBLEtXr2h4OtAiDRuJW5BXn8vAXZDZIz5rElGk6ebaiGHJScHiNABgsDMbSk7zItUvh2yUd-NUb99GgxE36hErk=&amp;amp;amp;amp;amp;amp;amp;amp;amp;amp;originalReferer&amp;amp;amp;amp;amp;amp;amp;amp;amp;amp;sessionRedirect=https:\/\/www.linkedin.com\/company\/macrolim\"]},{\"@type\":\"Person\",\"@id\":\"https:\/\/www.macrolimgrup.com\/es\/#\/schema\/person\/52d36a562f44527311318a62f5b1c8a1\",\"name\":\"Macrolim Grup\"}]}<\/script>\n<!-- \/ Yoast SEO plugin. -->","yoast_head_json":{"title":"Inteligencias m\u00faltiples: qu\u00e9 son y c\u00f3mo podemos potenciarlas | Macrolim","description":"El psic\u00f3logo Howard Gardner acu\u00f1\u00f3 el t\u00e9rmino 'Inteligencias M\u00faltiples'. Una teor\u00eda que, a diferencia del paradigma de la inteligencia \u00fanica, aboga por la existencia de hasta ocho aptitudes diferentes que todos.","robots":{"index":"index","follow":"follow","max-snippet":"max-snippet:-1","max-image-preview":"max-image-preview:large","max-video-preview":"max-video-preview:-1"},"canonical":"https:\/\/www.macrolimgrup.com\/es\/blog\/inteligencias-multiples\/","og_locale":"es_ES","og_type":"article","og_title":"Inteligencias m\u00faltiples: qu\u00e9 son y c\u00f3mo podemos potenciarlas | Macrolim","og_description":"El psic\u00f3logo Howard Gardner acu\u00f1\u00f3 el t\u00e9rmino 'Inteligencias M\u00faltiples'. Una teor\u00eda que, a diferencia del paradigma de la inteligencia \u00fanica, aboga por la existencia de hasta ocho aptitudes diferentes que todos.","og_url":"https:\/\/www.macrolimgrup.com\/es\/blog\/inteligencias-multiples\/","og_site_name":"Macrolim Grup","article_publisher":"https:\/\/www.facebook.com\/Macrolim-Grup-de-Serveis-116080173635354\/","article_published_time":"2021-02-08T12:42:28+00:00","article_modified_time":"2021-02-08T12:51:21+00:00","og_image":[{"width":800,"height":472,"url":"https:\/\/www.macrolimgrup.com\/wp-content\/uploads\/2021\/02\/MACROLIM_INTELLENCIES_MULTIPLES_1.jpg","type":"image\/jpeg"}],"author":"Macrolim Grup","twitter_card":"summary_large_image","twitter_misc":{"Escrito por":"Macrolim Grup","Tiempo de lectura":"6 minutos"},"schema":{"@context":"https:\/\/schema.org","@graph":[{"@type":"Article","@id":"https:\/\/www.macrolimgrup.com\/es\/blog\/inteligencias-multiples\/#article","isPartOf":{"@id":"https:\/\/www.macrolimgrup.com\/es\/blog\/inteligencias-multiples\/"},"author":{"name":"Macrolim Grup","@id":"https:\/\/www.macrolimgrup.com\/es\/#\/schema\/person\/52d36a562f44527311318a62f5b1c8a1"},"headline":"Inteligencias m\u00faltiples: qu\u00e9 son y c\u00f3mo podemos potenciarlas","datePublished":"2021-02-08T12:42:28+00:00","dateModified":"2021-02-08T12:51:21+00:00","mainEntityOfPage":{"@id":"https:\/\/www.macrolimgrup.com\/es\/blog\/inteligencias-multiples\/"},"wordCount":1196,"publisher":{"@id":"https:\/\/www.macrolimgrup.com\/es\/#organization"},"image":{"@id":"https:\/\/www.macrolimgrup.com\/es\/blog\/inteligencias-multiples\/#primaryimage"},"thumbnailUrl":"https:\/\/www.macrolimgrup.com\/wp-content\/uploads\/2021\/02\/MACROLIM_INTELLENCIES_MULTIPLES_1.jpg","keywords":["educaci\u00f3n","Inteligencias M\u00faltiples","ni\u00f1as","ni\u00f1os"],"articleSection":["Educaci\u00f3n"],"inLanguage":"es"},{"@type":"WebPage","@id":"https:\/\/www.macrolimgrup.com\/es\/blog\/inteligencias-multiples\/","url":"https:\/\/www.macrolimgrup.com\/es\/blog\/inteligencias-multiples\/","name":"Inteligencias m\u00faltiples: qu\u00e9 son y c\u00f3mo podemos potenciarlas | Macrolim","isPartOf":{"@id":"https:\/\/www.macrolimgrup.com\/es\/#website"},"primaryImageOfPage":{"@id":"https:\/\/www.macrolimgrup.com\/es\/blog\/inteligencias-multiples\/#primaryimage"},"image":{"@id":"https:\/\/www.macrolimgrup.com\/es\/blog\/inteligencias-multiples\/#primaryimage"},"thumbnailUrl":"https:\/\/www.macrolimgrup.com\/wp-content\/uploads\/2021\/02\/MACROLIM_INTELLENCIES_MULTIPLES_1.jpg","datePublished":"2021-02-08T12:42:28+00:00","dateModified":"2021-02-08T12:51:21+00:00","description":"El psic\u00f3logo Howard Gardner acu\u00f1\u00f3 el t\u00e9rmino 'Inteligencias M\u00faltiples'. Una teor\u00eda que, a diferencia del paradigma de la inteligencia \u00fanica, aboga por la existencia de hasta ocho aptitudes diferentes que todos.","breadcrumb":{"@id":"https:\/\/www.macrolimgrup.com\/es\/blog\/inteligencias-multiples\/#breadcrumb"},"inLanguage":"es","potentialAction":[{"@type":"ReadAction","target":["https:\/\/www.macrolimgrup.com\/es\/blog\/inteligencias-multiples\/"]}]},{"@type":"ImageObject","inLanguage":"es","@id":"https:\/\/www.macrolimgrup.com\/es\/blog\/inteligencias-multiples\/#primaryimage","url":"https:\/\/www.macrolimgrup.com\/wp-content\/uploads\/2021\/02\/MACROLIM_INTELLENCIES_MULTIPLES_1.jpg","contentUrl":"https:\/\/www.macrolimgrup.com\/wp-content\/uploads\/2021\/02\/MACROLIM_INTELLENCIES_MULTIPLES_1.jpg","width":800,"height":472,"caption":"Inteligencias m\u00faltiples: qu\u00e9 son y c\u00f3mo podemos potenciarlas"},{"@type":"BreadcrumbList","@id":"https:\/\/www.macrolimgrup.com\/es\/blog\/inteligencias-multiples\/#breadcrumb","itemListElement":[{"@type":"ListItem","position":1,"name":"Portada","item":"https:\/\/www.macrolimgrup.com\/es\/"},{"@type":"ListItem","position":2,"name":"Inteligencias m\u00faltiples: qu\u00e9 son y c\u00f3mo podemos potenciarlas"}]},{"@type":"WebSite","@id":"https:\/\/www.macrolimgrup.com\/es\/#website","url":"https:\/\/www.macrolimgrup.com\/es\/","name":"Grupo Macrolim","description":"Serveis integrals","publisher":{"@id":"https:\/\/www.macrolimgrup.com\/es\/#organization"},"potentialAction":[{"@type":"SearchAction","target":{"@type":"EntryPoint","urlTemplate":"https:\/\/www.macrolimgrup.com\/es\/?s={search_term_string}"},"query-input":{"@type":"PropertyValueSpecification","valueRequired":true,"valueName":"search_term_string"}}],"inLanguage":"es"},{"@type":"Organization","@id":"https:\/\/www.macrolimgrup.com\/es\/#organization","name":"Grup Macrolim","url":"https:\/\/www.macrolimgrup.com\/es\/","logo":{"@type":"ImageObject","inLanguage":"es","@id":"https:\/\/www.macrolimgrup.com\/es\/#\/schema\/logo\/image\/","url":"https:\/\/www.macrolimgrup.com\/wp-content\/uploads\/2020\/10\/macrolim-logo-final.svg","contentUrl":"https:\/\/www.macrolimgrup.com\/wp-content\/uploads\/2020\/10\/macrolim-logo-final.svg","width":406,"height":120,"caption":"Grup Macrolim"},"image":{"@id":"https:\/\/www.macrolimgrup.com\/es\/#\/schema\/logo\/image\/"},"sameAs":["https:\/\/www.facebook.com\/Macrolim-Grup-de-Serveis-116080173635354\/","https:\/\/www.instagram.com\/macrolim.grup\/","https:\/\/www.linkedin.com\/authwall?trk=gf&amp;amp;amp;amp;amp;amp;amp;amp;amp;amp;trkInfo=AQFqxUovj-Ku_wAAAXc5RDO4IXQbVNGLNhAIk25Z0nW6Cb-DmBLEtXr2h4OtAiDRuJW5BXn8vAXZDZIz5rElGk6ebaiGHJScHiNABgsDMbSk7zItUvh2yUd-NUb99GgxE36hErk=&amp;amp;amp;amp;amp;amp;amp;amp;amp;amp;originalReferer&amp;amp;amp;amp;amp;amp;amp;amp;amp;amp;sessionRedirect=https:\/\/www.linkedin.com\/company\/macrolim"]},{"@type":"Person","@id":"https:\/\/www.macrolimgrup.com\/es\/#\/schema\/person\/52d36a562f44527311318a62f5b1c8a1","name":"Macrolim Grup"}]}},"_links":{"self":[{"href":"https:\/\/www.macrolimgrup.com\/es\/wp-json\/wp\/v2\/posts\/762","targetHints":{"allow":["GET"]}}],"collection":[{"href":"https:\/\/www.macrolimgrup.com\/es\/wp-json\/wp\/v2\/posts"}],"about":[{"href":"https:\/\/www.macrolimgrup.com\/es\/wp-json\/wp\/v2\/types\/post"}],"author":[{"embeddable":true,"href":"https:\/\/www.macrolimgrup.com\/es\/wp-json\/wp\/v2\/users\/4"}],"replies":[{"embeddable":true,"href":"https:\/\/www.macrolimgrup.com\/es\/wp-json\/wp\/v2\/comments?post=762"}],"version-history":[{"count":0,"href":"https:\/\/www.macrolimgrup.com\/es\/wp-json\/wp\/v2\/posts\/762\/revisions"}],"wp:featuredmedia":[{"embeddable":true,"href":"https:\/\/www.macrolimgrup.com\/es\/wp-json\/wp\/v2\/media\/758"}],"wp:attachment":[{"href":"https:\/\/www.macrolimgrup.com\/es\/wp-json\/wp\/v2\/media?parent=762"}],"wp:term":[{"taxonomy":"category","embeddable":true,"href":"https:\/\/www.macrolimgrup.com\/es\/wp-json\/wp\/v2\/categories?post=762"},{"taxonomy":"post_tag","embeddable":true,"href":"https:\/\/www.macrolimgrup.com\/es\/wp-json\/wp\/v2\/tags?post=762"}],"curies":[{"name":"wp","href":"https:\/\/api.w.org\/{rel}","templated":true}]}}